{"id":2763,"date":"2026-09-02T12:47:37","date_gmt":"2026-09-02T16:47:37","guid":{"rendered":"https:\/\/lgontario.ca\/?p=2763"},"modified":"2026-09-02T12:48:08","modified_gmt":"2026-09-02T16:48:08","slug":"apprentissage-reflexion-et-reconciliation-dans-les-appartements-de-la-lieutenante-gouverneure","status":"publish","type":"post","link":"https:\/\/lgontario.ca\/fr\/apprentissage-reflexion-et-reconciliation-dans-les-appartements-de-la-lieutenante-gouverneure\/","title":{"rendered":"Apprentissage, r\u00e9flexion et r\u00e9conciliation dans les appartements de la lieutenante-gouverneure"},"content":{"rendered":"<p><span data-contrast=\"auto\">Cet automne, le Bureau de la lieutenante-gouverneure de l\u2019Ontario pr\u00e9sente deux expositions publiques qui invitent les visiteurs \u00e0 approfondir leurs connaissances des\u00a0r\u00e9cits\u00a0autochtones et des relations issues des trait\u00e9s, tout en r\u00e9fl\u00e9chissant au cheminement vers la r\u00e9conciliation.<\/span><span data-ccp-props=\"{&quot;134233117&quot;:false,&quot;134233118&quot;:false,&quot;201341983&quot;:0,&quot;335551550&quot;:1,&quot;335551620&quot;:1,&quot;335559685&quot;:0,&quot;335559737&quot;:0,&quot;335559738&quot;:0,&quot;335559739&quot;:120,&quot;335559740&quot;:240}\">\u00a0<\/span><\/p>\n<p><b><span data-contrast=\"auto\">Septembre : Journ\u00e9e nationale de la v\u00e9rit\u00e9 et de la r\u00e9conciliation<\/span><\/b><span data-ccp-props=\"{&quot;201341983&quot;:0,&quot;335559739&quot;:120,&quot;335559740&quot;:240}\">\u00a0<\/span><\/p>\n<p><span data-contrast=\"auto\">En\u00a0septembre, les visiteurs sont invit\u00e9s \u00e0 d\u00e9couvrir\u00a0<\/span><i><span data-contrast=\"auto\">Journ\u00e9e nationale de la v\u00e9rit\u00e9 et de la r\u00e9conciliation : le 30 septembre<\/span><\/i><span data-contrast=\"auto\">, une exposition \u00e9ducative pr\u00e9sent\u00e9e par la Fondation autochtone de l\u2019espoir.<\/span><span data-ccp-props=\"{&quot;201341983&quot;:0,&quot;335559739&quot;:120,&quot;335559740&quot;:240}\">\u00a0<\/span><\/p>\n<p><span data-contrast=\"auto\">L\u2019exposition explore les origines et l\u2019importance de la Journ\u00e9e nationale de la v\u00e9rit\u00e9 et de la r\u00e9conciliation au Canada, ainsi que les r\u00e9percussions\u00a0profondes et persistantes\u00a0des pensionnats et des externats autochtones, des politiques coloniales et du syst\u00e8me de protection de l\u2019enfance sur les peuples et les communaut\u00e9s autochtones. Gr\u00e2ce \u00e0 un contenu \u00e9ducatif et \u00e0 une mise en contexte historique, elle favorise la sensibilisation, la compr\u00e9hension et la r\u00e9flexion.<\/span><span data-ccp-props=\"{&quot;134233117&quot;:false,&quot;134233118&quot;:false,&quot;201341983&quot;:0,&quot;335551550&quot;:1,&quot;335551620&quot;:1,&quot;335559685&quot;:0,&quot;335559737&quot;:0,&quot;335559738&quot;:0,&quot;335559739&quot;:120,&quot;335559740&quot;:240}\">\u00a0<\/span><\/p>\n<p><b><span data-contrast=\"auto\">L\u2019exposition est pr\u00e9sent\u00e9e dans les appartements\u00a0de la lieutenante-gouverneure les mardis et jeudis, de 10 h \u00e0 15 h, durant tout le mois de septembre. L\u2019entr\u00e9e est gratuite. Les visiteurs sont invit\u00e9s \u00e0 consulter\u00a0<\/span><\/b><a href=\"https:\/\/www.ola.org\/fr\/visiter-apprendre\/planifier-votre-visite?gad_campaignid=23945354532&amp;gad_source=1&amp;gbraid=0AAAAA_3zbBKZYpS5YR6PgZpIZ7HOzurqp\"><b><span data-contrast=\"none\">cette page<\/span><\/b><\/a><b><span data-contrast=\"auto\">\u00a0pour planifier leur visite.<\/span><\/b><span data-ccp-props=\"{&quot;201341983&quot;:0,&quot;335559739&quot;:120,&quot;335559740&quot;:240}\">\u00a0<\/span><\/p>\n<p><span data-contrast=\"auto\">La Fondation autochtone de l\u2019espoir est un organisme de bienfaisance autochtone national vou\u00e9 \u00e0 l\u2019\u00e9ducation du public canadien sur l\u2019histoire et les r\u00e9percussions continues des pensionnats autochtones et d\u2019autres politiques coloniales. Par l\u2019entremise d\u2019expositions, de ressources \u00e9ducatives et d\u2019initiatives publiques, la Fondation contribue \u00e0 accro\u00eetre la sensibilisation, la compr\u00e9hension et les efforts de r\u00e9conciliation.<\/span><span data-ccp-props=\"{&quot;201341983&quot;:0,&quot;335559739&quot;:120,&quot;335559740&quot;:240}\">\u00a0<\/span><\/p>\n<p><b><span data-contrast=\"auto\">Novembre : Trait\u00e9\u00a0n<\/span><\/b><b><span data-contrast=\"auto\">o<\/span><\/b><b><span data-contrast=\"auto\">\u00a013<\/span><\/b><span data-ccp-props=\"{&quot;201341983&quot;:0,&quot;335559739&quot;:120,&quot;335559740&quot;:240}\">\u00a0<\/span><\/p>\n<p><span data-contrast=\"auto\">Plus tard cet automne, dans le cadre de la Semaine de reconnaissance des trait\u00e9s, en novembre, les appartements\u00a0de la lieutenante-gouverneure\u00a0pr\u00e9senteront\u00a0une rare\u00a0exposition\u00a0publique du Trait\u00e9 n<\/span><span data-contrast=\"auto\">o<\/span><span data-contrast=\"auto\">\u00a013, l\u2019entente conclue en 1805 entre la Couronne et la Premi\u00e8re Nation des Mississaugas de Credit concernant les terres qui correspondent aujourd\u2019hui \u00e0 la ville de Toronto et \u00e0 certaines parties de la r\u00e9gion du Grand Toronto.<\/span><span data-ccp-props=\"{&quot;201341983&quot;:0,&quot;335559739&quot;:120,&quot;335559740&quot;:240}\">\u00a0<\/span><\/p>\n<p><span data-contrast=\"auto\">Pr\u00e9sent\u00e9e en partenariat avec la Premi\u00e8re Nation des Mississaugas de Credit, les Archives publiques de l\u2019Ontario,\u00a0et\u00a0Biblioth\u00e8que et Archives Canada, cette exposition\u00a0permettra\u00a0d\u2019en apprendre davantage sur les relations d\u00e9coulant des trait\u00e9s et sur leur importance continue en Ontario. Les dates et les renseignements relatifs aux visites seront annonc\u00e9s prochainement.<\/span><span data-ccp-props=\"{&quot;201341983&quot;:0,&quot;335559739&quot;:120,&quot;335559740&quot;:240}\">\u00a0<\/span><\/p>\n<p><span data-contrast=\"auto\">Nous invitons le public \u00e0 d\u00e9couvrir ces deux expositions. Mieux comprendre le pass\u00e9 constitue une \u00e9tape importante vers la r\u00e9conciliation et permet d\u2019honorer la r\u00e9silience des Premi\u00e8res Nations, des Inuits et des M\u00e9tis.<\/span><\/p>\n","protected":false},"excerpt":{"rendered":"<p>Cet automne, le Bureau de la lieutenante-gouverneure de l\u2019Ontario pr\u00e9sente deux expositions publiques qui invitent les visiteurs \u00e0 approfondir leurs connaissances des\u00a0r\u00e9cits\u00a0autochtones et des relations issues des trait\u00e9s, tout en r\u00e9fl\u00e9chissant au cheminement vers la r\u00e9conciliation.\u00a0 Septembre : Journ\u00e9e nationale de la v\u00e9rit\u00e9 et de la r\u00e9conciliation\u00a0 En\u00a0septembre, les visiteurs sont invit\u00e9s \u00e0 d\u00e9couvrir\u00a0Journ\u00e9e nationale [&hellip;]<\/p>\n","protected":false},"author":2,"featured_media":2766,"comment_status":"open","ping_status":"open","sticky":false,"template":"","format":"standard","meta":{"_acf_changed":false,"footnotes":""},"categories":[30,31],"tags":[],"class_list":["post-2763","post","type-post","status-publish","format-standard","has-post-thumbnail","hentry","category-annonces","category-nouvelles"],"acf":[],"_links":{"self":[{"href":"https:\/\/lgontario.ca\/fr\/wp-json\/wp\/v2\/posts\/2763","targetHints":{"allow":["GET"]}}],"collection":[{"href":"https:\/\/lgontario.ca\/fr\/wp-json\/wp\/v2\/posts"}],"about":[{"href":"https:\/\/lgontario.ca\/fr\/wp-json\/wp\/v2\/types\/post"}],"author":[{"embeddable":true,"href":"https:\/\/lgontario.ca\/fr\/wp-json\/wp\/v2\/users\/2"}],"replies":[{"embeddable":true,"href":"https:\/\/lgontario.ca\/fr\/wp-json\/wp\/v2\/comments?post=2763"}],"version-history":[{"count":1,"href":"https:\/\/lgontario.ca\/fr\/wp-json\/wp\/v2\/posts\/2763\/revisions"}],"predecessor-version":[{"id":2764,"href":"https:\/\/lgontario.ca\/fr\/wp-json\/wp\/v2\/posts\/2763\/revisions\/2764"}],"wp:featuredmedia":[{"embeddable":true,"href":"https:\/\/lgontario.ca\/fr\/wp-json\/wp\/v2\/media\/2766"}],"wp:attachment":[{"href":"https:\/\/lgontario.ca\/fr\/wp-json\/wp\/v2\/media?parent=2763"}],"wp:term":[{"taxonomy":"category","embeddable":true,"href":"https:\/\/lgontario.ca\/fr\/wp-json\/wp\/v2\/categories?post=2763"},{"taxonomy":"post_tag","embeddable":true,"href":"https:\/\/lgontario.ca\/fr\/wp-json\/wp\/v2\/tags?post=2763"}],"curies":[{"name":"wp","href":"https:\/\/api.w.org\/{rel}","templated":true}]}}